{"id":16996,"date":"2017-04-21T21:39:54","date_gmt":"2017-04-21T21:39:54","guid":{"rendered":"http:\/\/www.fromitalywithreylo.it\/2017\/04\/21\/il-tempo-della-fine-dei-jedi-e-giunto\/"},"modified":"2021-02-17T15:31:40","modified_gmt":"2021-02-17T15:31:40","slug":"il-tempo-della-fine-dei-jedi-e-giunto","status":"publish","type":"post","link":"https:\/\/www.fromitalywithreylo.it\/?p=16996","title":{"rendered":"\u201cIl tempo della fine dei Jedi \u00e8 giunto\u201d"},"content":{"rendered":"<figure class=\"tmblr-embed tmblr-full\" data-provider=\"youtube\" data-orig-width=\"540\" data-orig-height=\"304\" data-url=\"https%3A%2F%2Fwww.youtube.com%2Fwatch%3Fv%3DSHanxElimZQ\"><\/figure>\n<p><b><br \/>\n<\/b>Cos\u00ec recita la voce di Luke nel primo teaser de <i>Gli ultimi Jedi<\/i><b>, <\/b>una delle prime battute sullo schermo dal lontano 1983!<b><br \/>\n<\/b><\/p>\n<p><!-- more --><\/p>\n<p>Cosa sappiamo di quello che \u00e8 successo a Luke dopo <i>Il ritorno dello Jedi<\/i>? Non molto: una delle prime pubblicazioni ufficiali del nuovo canone era stata la graphic novel <i>L\u2019impero a pezzi<\/i>.<\/p>\n<p>Nel fumetto Luke si introduce in un laboratorio segreto dell\u2019Impero (sul pianeta Vetine) dove sono tenute due piccoli Alberi della Forza. Essi sono ci\u00f2 che rimane dei tre alberi che crescevano nel cuore del Tempio dei Jedi su Coruscant. Una volta dentro Luke non si aspetta di trovare ben due Alberi! Uno lo porta via con s\u00e9 e il secondo lo d\u00e0 a Shara Bey (futura madre di Poe Dameron) che lo pianta su Yavin 4.<\/p>\n<figure class=\"tmblr-full\" data-orig-width=\"715\" data-orig-height=\"656\"><img decoding=\"async\" src=\"https:\/\/64.media.tumblr.com\/b3844cbe795c8196b62f26118285ddda\/tumblr_inline_oos2rsMtr81s4hkq0_540.jpg\" alt=\"image\" data-orig-width=\"715\" data-orig-height=\"656\" \/><\/figure>\n<p>Successivamente Luke \u00e8 solo nominato qua e l\u00e0 nella saga <i>Aftermath<\/i>. In <i>Bloodline<\/i> leggiamo che \u00e8 in viaggio con Ben in qualche posto remoto della Galassia, tanto remoto che il Senatore Organa non riesce a mettersi in contatto con il figlio.<\/p>\n<p>Dopodich\u00e8 si salta direttamente a <i>Il risveglio della Forza<\/i>. Qui \u00e8 per bocca di Han che veniamo a conoscenza che Luke aveva iniziato ad addestrare una nuova generazione di Jedi e che uno degli allievi aveva rovinato tutto. Luke era poi sparito, andando in cerca del primo tempio dei Jedi.<\/p>\n<figure class=\"tmblr-full\" data-orig-width=\"980\" data-orig-height=\"490\"><img decoding=\"async\" src=\"https:\/\/64.media.tumblr.com\/9dce8795c05c01cfba194adfa3d9ddd0\/tumblr_inline_oos2u9tj7S1s4hkq0_540.jpg\" alt=\"image\" data-orig-width=\"980\" data-orig-height=\"490\" \/><\/figure>\n<p>Solo una serie di spoiler, trapelati in questi mesi su Episodio VIII, ci parlano ancora del vecchio Jedi:<\/p>\n<p>&#8211; Luke non \u00e8 solo su Ach-To, strane creature vivono con lui<br \/>\n&#8211; Luke pare non essere completamente sano mentalmente<br \/>\n&#8211; Luke non \u00e8 per nulla fuori allenamento e pare sgominare da solo i Cavalieri di Ren<br \/>\n&#8211; Luke pare chiedere a Rey di uccidere Kylo Ren<br \/>\n&#8211; Luke pare non sia contento di una conversazione tra Kylo e Rey e fa esplodere il bungalow<\/p>\n<p>Finalmente, e ufficialmente, lo ritroviamo su Ach-to nel teaser de <i>Gli ultimi Jedi <\/i>che ci dice: <i>\u201cRespira, pensa a respirare, ora abbandonati. Che cosa vedi?\u201d<br \/>\n\u201cLuce. Oscurit\u00e0. L&#8217;equilibrio.\u201d<\/i> risponde Rey<i><br \/>\n\u201cE\u2019 tanto pi\u00f9 grande\u201d<\/i> continua Luke<i> \u201cConosco una sola verit\u00e0: Il tempo della fine dei Jedi \u00e8 giunto\u201d<\/i><\/p>\n<figure class=\"tmblr-full\" data-orig-width=\"500\" data-orig-height=\"222\" data-tumblr-attribution=\"obiswan:4rYx4zm6WfKgKfvhBquRPA:ZzMD5j2Kd8YPr\"><img decoding=\"async\" src=\"https:\/\/64.media.tumblr.com\/7fb1a294c1dcb81e9fbc5d784c0814e0\/tumblr_onunutweag1uk27jso1_r1_500.gif\" alt=\"image\" data-orig-width=\"500\" data-orig-height=\"222\" \/><\/figure>\n<p>Il teaser ci mostra delle grandi panoramiche sull\u2019isola e soprattutto Rey, impegnata in allenamento. Luke sembra vivere come un eremita, come un profeta in esilio. L\u2019unica certezza che abbiamo per ora \u00e8 che su Ach-to, insieme ai due, c\u2019\u00e8 un Albero della Forza. Che sia uno dei due trovati su Vetine, che sia la terza pianta scomparsa o l\u2019essere madre, non \u00e8 dato sapere.<\/p>\n<figure class=\"tmblr-full\" data-orig-width=\"962\" data-orig-height=\"610\"><img decoding=\"async\" src=\"https:\/\/64.media.tumblr.com\/24968d4da3630b008f0238392a6e6985\/tumblr_inline_oos2yui8vb1s4hkq0_540.jpg\" alt=\"image\" data-orig-width=\"962\" data-orig-height=\"610\" \/><\/figure>\n<p>L\u2019albero \u00e8 gigantesco, e pu\u00f2 essere che sia esso stesso il tempio Jedi che Luke stava cercando. Nel teaser viene inquadrata una caverna all\u2019interno dell\u2019albero stesso, dentro cui Luke porta Rey, e probabilmente l\u00ec le mostra i libri antichissimi illuminati da un fascio di Luce.<\/p>\n<figure class=\"tmblr-full\" data-orig-width=\"498\" data-orig-height=\"266\"><img decoding=\"async\" src=\"https:\/\/64.media.tumblr.com\/6583ddca13c531364a0f0981a525b0a7\/tumblr_inline_oos3pnymmY1s4hkq0_540.jpg\" alt=\"image\" data-orig-width=\"498\" data-orig-height=\"266\" \/><\/figure>\n<p>E\u2019 veramente molto strano vedere dei libri di carta in Star Wars! Gi\u00e0 ai tempi dell\u2019Impero Galattico erano una vera rarit\u00e0, appartenendo ai tempi della Vecchia Repubblica, e questo non fa altro che sottolineare la loro importanza. Sono tomi che raccolgono i primi insegnamenti della Forza? Precetti dell\u2019antico Ordine dei Jedi? E\u2019 indubbio che siano di estrema importanza per Luke e probabilmente ha passato tutti quegli anni a studiarli.<\/p>\n<p>Che Luke stia cercando in essi l\u2019essenza, la verit\u00e0 della Forza? Una risposta a quello successo ai suoi discepoli e a Ben Solo? Che gli antichissimi tomi dell\u2019Ordine dei Jedi nascondano ancora qualche segreto?<\/p>\n<p>Sappiamo che i Jedi ritengono che il Lato Chiaro sia la manifestazione naturale della Forza e di conseguenza il Lato Oscuro ne \u00e8 un\u2019aberrazione che ne disturba solo l\u2019equilibrio. Da questo nasce la profezia del Prescelto, l\u2019essere che riporter\u00e0 l\u2019equilibrio nella Forza, che i Jedi hanno sempre (forse erroneamente?) visto come chi porter\u00e0 alla distruzione il Lato Oscuro e i Sith.<\/p>\n<p>Qui-Gon Jinn credeva che questo essere fosse Anakin Skywalker, e tutti conosciamo il suo tragico percorso dal Lato Chiaro, al Lato Oscuro e infine al Lato Chiaro. La sua morte e quella dell\u2019Imperatore ha posto fine ai Sith, realizzando nella teoria la profezia e quello che doveva essere l\u2019equilibrio. Ma davvero l\u2019equilibrio si trova con la distruzione totale del Lato Oscuro? O \u00e8 il <i>risveglio<\/i> che ha rimesso tutto di nuovo in discussione?<\/p>\n<p>Non \u00e8 un segreto che la maggior parte di noi crede che sar\u00e0 Rey a portare l\u2019equilibrio nella Forza. Nel poster Rey \u00e8 l\u2019ago della bilancia tra Luke e Kylo Ren. E\u2019 un\u2019immagine possente ed evocativa: lei \u00e8 come il faro che guider\u00e0 entrambi.<\/p>\n<p>Perch\u00e9 dovrebbe guidare un maestro come Luke?<\/p>\n<p>Il vecchio Jedi sembra farneticante quando dice che l\u2019ora dei Jedi \u00e8 giunta, che devono estinguersi. Lui in prima persona \u00e8 l\u2019ultimo degli Jedi, cosa intende con questo? Forse pensa che riportare l\u2019equilibrio significa azzerare tutto, Lato Chiaro e Lato Oscuro nel senso di distruggere chiunque li usi? Oppure trovare un modo di far convivere entrambe le anime della Forza? Questa \u00e8 una teoria cara a tantissimi fans che farebbe l\u2019occhiolino ai Jedi Grigi.<\/p>\n<p>Se questo fosse il caso, Ben Solo non potrebbe essere un primo tentativo di abbracciare entrambi i Lati, finito per\u00f2 tragicamente? Probabilmente no, ma il risultato finale potrebbe essere lo stesso.<\/p>\n<p>Luke potrebbe aver deciso cos\u00ec di provare a cercare risposte, tecniche, insegnamenti che lo hanno portato su Ach-To. Potrebbe aver deciso di provare su s\u00e9 stesso questo \u201cequilibrio\u201d e potrebbe aver messo un piede in fallo nell\u2019abbracciare il suo Lato Oscuro.<\/p>\n<p>Nelle interviste successive al panel di Episodio VIII, Mark Hamill non ha nascosto non aver condiviso a pieno le scelte che deve portare avanti il suo personaggio. Questo sviluppo sembra scalfire l\u2019aura <i>buona<\/i> di cui si \u00e8 sempre vantato il suo personaggio. Insomma, Luke \u00e8 l\u2019eroe per antonomasia, ha gi\u00e0 combattuto i suoi demoni e ha superato lo scoglio del Lato Oscuro in Il Ritorno dello Jedi!<\/p>\n<p>Il cadere in disgrazia potrebbe essere una strada non condivisa dai fans! Ma \u00e8 comunque una via che \u00e8 stata gi\u00e0 considerata in passato.<\/p>\n<p>Non \u00e8 pi\u00f9 un segreto che il titolo di Episodio VI \u00e8 stato, fino a due mesi prima dell\u2019uscita del film <i>La vendetta dello Jedi<\/i>. George Lucas lo cambiato in corso d\u2019opera, dopo che anche i poster erano stati stampati, perch\u00e9 \u201cvendetta\u201d non era molto nello stile dei Jedi.<\/p>\n<p>In realt\u00e0 il titolo \u00e8 solo la punta dell\u2019iceberg del film che doveva essere all\u2019inizio <i>Il ritorno dello Jedi.<br \/>\n<\/i><br \/>\nGary Kurtz, collaboratore di George Lucas nella lavorazione di Episodio IV e V, non fa segreto che la ragione della fine del loro rapporto di lavoro \u00e8 stata proprio la piega che Lucas aveva deciso per l\u2019ultimo capitolo della saga.<\/p>\n<p>Il film doveva avere un finale molto diverso, commovente, dolce amaro, con Han Solo che moriva (come voleva fortemente Harrison Ford) e Leia che rimaneva sola a regnare su quello che era rimasto della sua gente. Il destino di Luke era in bilico tra quello di andare via da solo (dopo aver sconfitto Vader) e\u2026 quello di diventare Vader egli stesso!<\/p>\n<figure class=\"tmblr-full\" data-orig-width=\"636\" data-orig-height=\"358\"><img decoding=\"async\" src=\"https:\/\/64.media.tumblr.com\/eda093bfa2b9f7f93f62fe02db92548a\/tumblr_inline_oos346qijU1s4hkq0_540.jpg\" alt=\"image\" data-orig-width=\"636\" data-orig-height=\"358\" \/><\/figure>\n<p>La scena finale in cui Vader sacrifica s\u00e9 stesso per uccidere l\u2019Imperatore sarebbe rimasta la stessa, ma una volta solo col padre Luke gli avrebbe tolto l\u2019elmo e lo avrebbe indossato lui stesso. La battuta seguente sarebbe stata questa: <i>\u201c Ora sono io Vader. Distrugger\u00f2 la flotta (Ribelle) e dominer\u00f2 l\u2019universo.\u201d <\/i>Anche Lawrence Kasdan, altro collaboratore storico, era d\u2019accordo su questo finale a sorpresa, ma Lucas cambi\u00f2 idea a favore di un lieto fine che avrebbe accontentato i bambini ed avrebbe fatto vendere un sacco di giocattoli.<\/p>\n<p>Non \u00e8 certo una novit\u00e0 andare a ripescare indietro, usando idee, materiali dell\u2019epoca e se un finale cos\u00ec amaro sarebbe stato troppo per i ridenti anni 80, forse non \u00e8 pi\u00f9 cos\u00ec con il gusto dello spettatore odierno.<\/p>\n<p>Che Luke possa passare al Lato Oscuro, anche momentaneamente, non \u00e8 pi\u00f9 una possibilit\u00e0 cos\u00ec remota. Ce lo mostra pi\u00f9 o meno chiaramente anche il primo poster ufficiale, dalla chiara grafica vintage.<\/p>\n<figure class=\"tmblr-full\" data-orig-width=\"300\" data-orig-height=\"222\"><img decoding=\"async\" src=\"https:\/\/64.media.tumblr.com\/8cf950658bcb603a36d7be54e567a8bb\/tumblr_inline_oos3gcZFL91s4hkq0_540.jpg\" alt=\"image\" data-orig-width=\"300\" data-orig-height=\"222\" \/><\/figure>\n<p>Nei manifesti di Star Wars spesso la figura predominante \u00e8 quella rappresentante il cattivo, il Lato Oscuro, e il colore rosso che riempie tutto \u00e8 il colore associato ai Sith.<\/p>\n<figure class=\"tmblr-full\" data-orig-width=\"510\" data-orig-height=\"236\"><img decoding=\"async\" src=\"https:\/\/64.media.tumblr.com\/193cd5c5f722843c78344519236834a5\/tumblr_inline_oos390vVeQ1s4hkq0_540.jpg\" alt=\"image\" data-orig-width=\"510\" data-orig-height=\"236\" \/><\/figure>\n<p>E\u2019 dunque curioso che il viso pi\u00f9 grande non sia quello di Kylo, ma quello di Luke. L&#8217;espressione di entrambi \u00e8 molto diversa: mentre quella di Luke \u00e8 risoluta, minacciosa con il sopracciglio corrugato sull\u2019occhio, il viso di Kylo \u00e8 pi\u00f9 disteso, gli occhi sono pi\u00f9 aperti e pacati (\u00e8 un peccato che non si veda la bocca, perch\u00e9 la sua piega poteva essere un elemento importante in questa analisi).<\/p>\n<p>Se guardiamo solo il poster non \u00e8 difficile credere allo spoiler che Luke vuole Kylo Ren morto: i due sono rappresentati come due veri antagonisti. Il vecchio Jedi ha lo sguardo di chi \u00e8 pronto tutto per raggiungere i suoi obiettivi. Anche uccidere il proprio nipote!<\/p>\n<p>Peccato che l\u2019obiettivo da raggiungere non sia ancora molto chiaro, per\u00f2 Luke e Kylo potrebbero, coi loro modi diametralmente opposti, cercare in realt\u00e0 lo stesso risultato: riportare l\u2019equilibrio nella Forza, mettere fine ai Jedi. (Kylo \u00e8 anche detto Jedi Killer)<\/p>\n<p>Con un audace salto acrobatico, questi sono stati anche gli obiettivi di Darth Vader \u201cda un certo punto di vista\u201d come direbbe Obi-Wan Kenobi.<\/p>\n<figure class=\"tmblr-full\" data-orig-width=\"350\" data-orig-height=\"175\"><img decoding=\"async\" src=\"https:\/\/64.media.tumblr.com\/5c8e17c104a31bd04ed0cee38b843a0f\/tumblr_inline_oos46b4HUU1s4hkq0_540.jpg\" alt=\"image\" data-orig-width=\"350\" data-orig-height=\"175\" \/><\/figure>\n<p>Solo quest\u2019inverno sapremo se Luke \u00e8 o non \u00e8 stato in grado di controllare il proprio Lato Oscuro. Speriamo che Rey alla fine riuscir\u00e0 dove gli Skywalker hanno fallito o che, come suggerisce il poster, ne diventi il faro con la sua Luce.<\/p>\n<p>Vedremo il Lato Oscuro di Luke?<\/p>\n<p>(Fonti per La Vendetta dello Jedi:<a href=\"https:\/\/goo.gl\/uUHr5V\"> X<\/a> &#8211; <a href=\"https:\/\/goo.gl\/eS9Leu\">X<\/a>)<\/p>\n","protected":false},"excerpt":{"rendered":"<p>Cos\u00ec recita la voce di Luke nel primo teaser de Gli ultimi Jedi, una delle prime battute sullo schermo dal lontano 1983! Cosa sappiamo di quello che \u00e8 successo a Luke dopo Il ritorno&#46;&#46;&#46;<\/p>\n","protected":false},"author":1,"featured_media":20842,"comment_status":"open","ping_status":"open","sticky":false,"template":"","format":"standard","meta":{"_jetpack_newsletter_access":"","_jetpack_dont_email_post_to_subs":false,"_jetpack_newsletter_tier_id":0,"_jetpack_memberships_contains_paywalled_content":false,"_jetpack_feature_clip_id":0,"_jetpack_memberships_contains_paid_content":false,"footnotes":"","jetpack_publicize_message":"","jetpack_publicize_feature_enabled":true,"jetpack_social_post_already_shared":false,"jetpack_social_options":{"image_generator_settings":{"template":"highway","default_image_id":0,"font":"","enabled":false},"version":2},"jetpack_post_was_ever_published":false},"categories":[348,2170],"tags":[1903,1970,1740,498,13,1962,2171],"class_list":["post-16996","post","type-post","status-publish","format-standard","has-post-thumbnail","hentry","category-meta","category-teorie-serie-e-non","tag-albero-della-forza","tag-darkluke","tag-equilibrio","tag-lawrence-kasdan","tag-luke-skywalker","tag-tentazione","tag-teorie-serie-e-non"],"jetpack_publicize_connections":[],"jetpack_sharing_enabled":true,"jetpack_featured_media_url":"https:\/\/www.fromitalywithreylo.it\/wp-content\/uploads\/2021\/01\/teorie.jpg","_links":{"self":[{"href":"https:\/\/www.fromitalywithreylo.it\/index.php?rest_route=\/wp\/v2\/posts\/16996","targetHints":{"allow":["GET"]}}],"collection":[{"href":"https:\/\/www.fromitalywithreylo.it\/index.php?rest_route=\/wp\/v2\/posts"}],"about":[{"href":"https:\/\/www.fromitalywithreylo.it\/index.php?rest_route=\/wp\/v2\/types\/post"}],"author":[{"embeddable":true,"href":"https:\/\/www.fromitalywithreylo.it\/index.php?rest_route=\/wp\/v2\/users\/1"}],"replies":[{"embeddable":true,"href":"https:\/\/www.fromitalywithreylo.it\/index.php?rest_route=%2Fwp%2Fv2%2Fcomments&post=16996"}],"version-history":[{"count":1,"href":"https:\/\/www.fromitalywithreylo.it\/index.php?rest_route=\/wp\/v2\/posts\/16996\/revisions"}],"predecessor-version":[{"id":21266,"href":"https:\/\/www.fromitalywithreylo.it\/index.php?rest_route=\/wp\/v2\/posts\/16996\/revisions\/21266"}],"wp:featuredmedia":[{"embeddable":true,"href":"https:\/\/www.fromitalywithreylo.it\/index.php?rest_route=\/wp\/v2\/media\/20842"}],"wp:attachment":[{"href":"https:\/\/www.fromitalywithreylo.it\/index.php?rest_route=%2Fwp%2Fv2%2Fmedia&parent=16996"}],"wp:term":[{"taxonomy":"category","embeddable":true,"href":"https:\/\/www.fromitalywithreylo.it\/index.php?rest_route=%2Fwp%2Fv2%2Fcategories&post=16996"},{"taxonomy":"post_tag","embeddable":true,"href":"https:\/\/www.fromitalywithreylo.it\/index.php?rest_route=%2Fwp%2Fv2%2Ftags&post=16996"}],"curies":[{"name":"wp","href":"https:\/\/api.w.org\/{rel}","templated":true}]}}